{"id":3877,"date":"2018-11-14T13:12:50","date_gmt":"2018-11-14T13:12:50","guid":{"rendered":"https:\/\/regeneracija.ba\/?p=3877"},"modified":"2018-11-14T13:12:50","modified_gmt":"2018-11-14T13:12:50","slug":"renexpo-bih","status":"publish","type":"post","link":"https:\/\/regeneracija.ba\/en\/2018\/11\/14\/renexpo-bih\/","title":{"rendered":"RENEXPO BIH"},"content":{"rendered":"<p>U Sarajevu u periodu od 24. do 25. Oktobra 2018. godine odr\u017ean je 5. Me\u0111unarodni sajam i konferencije RENEXPO BiH na temu obnovljivih izvora energije, energetske efikasnosti, za\u0161titi \u017eivotne sredine i upravljanju vodama.<\/p>\n<p>Firma Regeneracija d.o.o. je po prvi put zauzela u\u010de\u0161\u0107e na ovogodi\u0161njem sajmu i konferenciji \u201eOdr\u017eivo upravljanje vodama \u2013 Vodosnabdijevanje, odvodnja i tretman otpadnih voda u BiH, sa temom \u201ePozitivni primjeri prihvata i pre\u010di\u0161\u0107avanja sanitarno fekalnih i oborinskih voda na podru\u010dju BiH\u201c.<\/p>\n","protected":false},"excerpt":{"rendered":"<p>U Sarajevu u periodu od 24. do 25. Oktobra 2018. godine odr\u017ean je 5. Me\u0111unarodni sajam i konferencije RENEXPO BiH na temu obnovljivih izvora energije, energetske efikasnosti, za\u0161titi \u017eivotne sredine i upravljanju vodama. Firma Regeneracija d.o.o. je po prvi put<\/p>\n","protected":false},"author":1,"featured_media":3878,"comment_status":"open","ping_status":"open","sticky":false,"template":"","format":"standard","meta":{"footnotes":""},"categories":[191,197],"tags":[],"translation":{"provider":"WPGlobus","version":"2.12.2","language":"en","enabled_languages":["bs","en","de"],"languages":{"bs":{"title":true,"content":true,"excerpt":false},"en":{"title":false,"content":false,"excerpt":false},"de":{"title":false,"content":false,"excerpt":false}}},"acf":[],"_links":{"self":[{"href":"https:\/\/regeneracija.ba\/en\/wp-json\/wp\/v2\/posts\/3877"}],"collection":[{"href":"https:\/\/regeneracija.ba\/en\/wp-json\/wp\/v2\/posts"}],"about":[{"href":"https:\/\/regeneracija.ba\/en\/wp-json\/wp\/v2\/types\/post"}],"author":[{"embeddable":true,"href":"https:\/\/regeneracija.ba\/en\/wp-json\/wp\/v2\/users\/1"}],"replies":[{"embeddable":true,"href":"https:\/\/regeneracija.ba\/en\/wp-json\/wp\/v2\/comments?post=3877"}],"version-history":[{"count":2,"href":"https:\/\/regeneracija.ba\/en\/wp-json\/wp\/v2\/posts\/3877\/revisions"}],"predecessor-version":[{"id":3880,"href":"https:\/\/regeneracija.ba\/en\/wp-json\/wp\/v2\/posts\/3877\/revisions\/3880"}],"wp:featuredmedia":[{"embeddable":true,"href":"https:\/\/regeneracija.ba\/en\/wp-json\/wp\/v2\/media\/3878"}],"wp:attachment":[{"href":"https:\/\/regeneracija.ba\/en\/wp-json\/wp\/v2\/media?parent=3877"}],"wp:term":[{"taxonomy":"category","embeddable":true,"href":"https:\/\/regeneracija.ba\/en\/wp-json\/wp\/v2\/categories?post=3877"},{"taxonomy":"post_tag","embeddable":true,"href":"https:\/\/regeneracija.ba\/en\/wp-json\/wp\/v2\/tags?post=3877"}],"curies":[{"name":"wp","href":"https:\/\/api.w.org\/{rel}","templated":true}]}}