{"id":2431,"date":"2014-04-16T13:38:28","date_gmt":"2014-04-16T13:38:28","guid":{"rendered":"http:\/\/regeneracija.ba\/?p=2431"},"modified":"2017-01-09T14:47:27","modified_gmt":"2017-01-09T14:47:27","slug":"sedamnaesti-medunarodni-sajam-gospodarstva-mostar-2014","status":"publish","type":"post","link":"https:\/\/regeneracija.ba\/en\/2014\/04\/16\/sedamnaesti-medunarodni-sajam-gospodarstva-mostar-2014\/","title":{"rendered":"Sedamnaesti Me\u0111unarodni sajam gospodarstva \u2013 Mostar 2014.,"},"content":{"rendered":"<p class=\"p1\"><span class=\"s1\">Sedamnaesti Me\u0111unarodni sajam gospodarstva \u2013 Mostar 2014., na kojem se predstavilo 700 izlaga\u010da iz zemlje i svijeta&#8230;<\/span><!--more--><\/p>\n<p class=\"p1\"><span class=\"s1\">Me\u0111u izlaga\u010dima bila je i kompanija Regeneracija doo Velika Kladu\u0161a, koja je predstavila i pokazala svoj proizvodni asortiman proizvoda.<\/span><\/p>\n<p class=\"p1\"><span class=\"s1\">Mostarski sajam odr\u017ean je u razdoblju od 8. do 12. aprila iako u iznimno te\u0161koj privrednoj i socijalnoj situaciji, opravdao je o\u010dekivanja organizatora.<\/span><\/p>\n<p class=\"p1\"><span class=\"s1\">Tokom sajma, odr\u017eano je niz iznimno posje\u0107enih i zna\u010dajnih konferencija, stru\u010dnih skupova, radionica i okruglih stolova na teme: turizma, za\u0161tite okoli\u0161a, obrazovanja, industrijskog dizajna, gospodarskog plana razvoja, uvoza i izvoza te informacijskih tehnologija. <\/span><\/p>\n<p class=\"p1\"><span class=\"s1\">Sajam je bio mjesto izravnih susreta privrednika, a ove su godine najzastupljeniji na sajmu bili doma\u0107i privrednici, me\u0111u kojima i Regeneracija.<\/span><\/p>\n<p class=\"p1\"><span class=\"s1\">Kompanija Regeneracija je doma\u0107a kompanija, koja daje izuzetno veliku\u00a0 va\u017enost doma\u0107im susretima privrednika i odr\u017eivosti doma\u0107ih sajmova, \u0161to \u0107emo i u budu\u0107nosti nastojati da pratimo.<\/span><\/p>\n","protected":false},"excerpt":{"rendered":"<p>Sedamnaesti Me\u0111unarodni sajam gospodarstva \u2013 Mostar 2014., na kojem se predstavilo 700 izlaga\u010da iz zemlje i svijeta&#8230;<\/p>\n","protected":false},"author":1,"featured_media":2432,"comment_status":"open","ping_status":"open","sticky":false,"template":"","format":"standard","meta":{"footnotes":""},"categories":[197],"tags":[],"translation":{"provider":"WPGlobus","version":"2.12.2","language":"en","enabled_languages":["bs","en","de"],"languages":{"bs":{"title":true,"content":true,"excerpt":false},"en":{"title":false,"content":false,"excerpt":false},"de":{"title":false,"content":false,"excerpt":false}}},"acf":[],"_links":{"self":[{"href":"https:\/\/regeneracija.ba\/en\/wp-json\/wp\/v2\/posts\/2431"}],"collection":[{"href":"https:\/\/regeneracija.ba\/en\/wp-json\/wp\/v2\/posts"}],"about":[{"href":"https:\/\/regeneracija.ba\/en\/wp-json\/wp\/v2\/types\/post"}],"author":[{"embeddable":true,"href":"https:\/\/regeneracija.ba\/en\/wp-json\/wp\/v2\/users\/1"}],"replies":[{"embeddable":true,"href":"https:\/\/regeneracija.ba\/en\/wp-json\/wp\/v2\/comments?post=2431"}],"version-history":[{"count":3,"href":"https:\/\/regeneracija.ba\/en\/wp-json\/wp\/v2\/posts\/2431\/revisions"}],"predecessor-version":[{"id":2448,"href":"https:\/\/regeneracija.ba\/en\/wp-json\/wp\/v2\/posts\/2431\/revisions\/2448"}],"wp:featuredmedia":[{"embeddable":true,"href":"https:\/\/regeneracija.ba\/en\/wp-json\/wp\/v2\/media\/2432"}],"wp:attachment":[{"href":"https:\/\/regeneracija.ba\/en\/wp-json\/wp\/v2\/media?parent=2431"}],"wp:term":[{"taxonomy":"category","embeddable":true,"href":"https:\/\/regeneracija.ba\/en\/wp-json\/wp\/v2\/categories?post=2431"},{"taxonomy":"post_tag","embeddable":true,"href":"https:\/\/regeneracija.ba\/en\/wp-json\/wp\/v2\/tags?post=2431"}],"curies":[{"name":"wp","href":"https:\/\/api.w.org\/{rel}","templated":true}]}}