{"id":3881,"date":"2018-11-14T13:17:56","date_gmt":"2018-11-14T13:17:56","guid":{"rendered":"https:\/\/regeneracija.ba\/?p=3881"},"modified":"2018-11-14T13:24:54","modified_gmt":"2018-11-14T13:24:54","slug":"voda-i-priroda","status":"publish","type":"post","link":"https:\/\/regeneracija.ba\/de\/2018\/11\/14\/voda-i-priroda\/","title":{"rendered":"\u201eVoda i priroda\u201c"},"content":{"rendered":"<p>Firma Regeneracija d.o.o. je u\u010destvovala kao jedan od izlaga\u010da na zajedni\u010dkoj balkanskoj konferenciji i sajmu pod nazivom \u201eVoda i priroda\u201c, koji je organiziralo udru\u017eenje vodovoda Albanije SHUKALB i Kosova SHUKOS, u Tirani u periodu od 7. do 9. Novembra 2018. godine.<\/p>\n<p>Tokom trajanja sajma i konferencije, \u0161tand na\u0161e kompanije je bio veoma posje\u0107en, te je izazvao velika interesovanja u\u010desnika konferencije i posjetilaca u proizvode firme.<\/p>\n","protected":false},"excerpt":{"rendered":"<p>Firma Regeneracija d.o.o. je u\u010destvovala kao jedan od izlaga\u010da na zajedni\u010dkoj balkanskoj konferenciji i sajmu pod nazivom \u201eVoda i priroda\u201c, koji je organiziralo udru\u017eenje vodovoda Albanije SHUKALB i Kosova SHUKOS, u Tirani u periodu od 7. do 9. Novembra 2018.<\/p>\n","protected":false},"author":1,"featured_media":3885,"comment_status":"open","ping_status":"open","sticky":false,"template":"","format":"standard","meta":{"footnotes":""},"categories":[191,197],"tags":[],"translation":{"provider":"WPGlobus","version":"2.12.2","language":"de","enabled_languages":["bs","en","de"],"languages":{"bs":{"title":true,"content":true,"excerpt":false},"en":{"title":false,"content":false,"excerpt":false},"de":{"title":false,"content":false,"excerpt":false}}},"acf":[],"_links":{"self":[{"href":"https:\/\/regeneracija.ba\/de\/wp-json\/wp\/v2\/posts\/3881"}],"collection":[{"href":"https:\/\/regeneracija.ba\/de\/wp-json\/wp\/v2\/posts"}],"about":[{"href":"https:\/\/regeneracija.ba\/de\/wp-json\/wp\/v2\/types\/post"}],"author":[{"embeddable":true,"href":"https:\/\/regeneracija.ba\/de\/wp-json\/wp\/v2\/users\/1"}],"replies":[{"embeddable":true,"href":"https:\/\/regeneracija.ba\/de\/wp-json\/wp\/v2\/comments?post=3881"}],"version-history":[{"count":2,"href":"https:\/\/regeneracija.ba\/de\/wp-json\/wp\/v2\/posts\/3881\/revisions"}],"predecessor-version":[{"id":3886,"href":"https:\/\/regeneracija.ba\/de\/wp-json\/wp\/v2\/posts\/3881\/revisions\/3886"}],"wp:featuredmedia":[{"embeddable":true,"href":"https:\/\/regeneracija.ba\/de\/wp-json\/wp\/v2\/media\/3885"}],"wp:attachment":[{"href":"https:\/\/regeneracija.ba\/de\/wp-json\/wp\/v2\/media?parent=3881"}],"wp:term":[{"taxonomy":"category","embeddable":true,"href":"https:\/\/regeneracija.ba\/de\/wp-json\/wp\/v2\/categories?post=3881"},{"taxonomy":"post_tag","embeddable":true,"href":"https:\/\/regeneracija.ba\/de\/wp-json\/wp\/v2\/tags?post=3881"}],"curies":[{"name":"wp","href":"https:\/\/api.w.org\/{rel}","templated":true}]}}