{"id":2377,"date":"2015-04-01T12:50:31","date_gmt":"2015-04-01T12:50:31","guid":{"rendered":"http:\/\/regeneracija.ba\/?p=2377"},"modified":"2017-02-08T12:52:52","modified_gmt":"2017-02-08T12:52:52","slug":"pozivnica-za-medunarodni-sajam-gospodarstva-mostar-2015","status":"publish","type":"post","link":"https:\/\/regeneracija.ba\/de\/2015\/04\/01\/pozivnica-za-medunarodni-sajam-gospodarstva-mostar-2015\/","title":{"rendered":"Einladung zur internationalen Wirtschaftsmesse Mostar 2015"},"content":{"rendered":"<p>Sehr geehrte,<\/p>\n<p>wir laden Sie zu der 18. Internationalen Wirtschaftsmesse, die vom 14. Bis 18.04.2015 in Mostar stattfinden wird. Als einer der heimischen Hersteller, stellen wir unser Produktionsprogramm wie Ger\u00e4te f\u00fcr S\u00e4uberung der \u00d6lwasser (Aquareg), biologische Ger\u00e4te f\u00fcr S\u00e4uberung von Sanit\u00e4r- und Fekalwasser (SBR), biologische Filter, Pumpensch\u00e4chte, Zisterne, Revisionsch\u00e4chte, Umgang mit \u00f6kologischen Wasser.<\/p>\n","protected":false},"excerpt":{"rendered":"<p>Sehr geehrte, wir laden Sie zu der 18. Internationalen Wirtschaftsmesse, die vom 14. Bis 18.04.2015 in Mostar stattfinden wird. Als einer der heimischen Hersteller, stellen wir unser Produktionsprogramm wie Ger\u00e4te f\u00fcr S\u00e4uberung der \u00d6lwasser (Aquareg), biologische Ger\u00e4te f\u00fcr S\u00e4uberung von<\/p>\n","protected":false},"author":1,"featured_media":2379,"comment_status":"open","ping_status":"open","sticky":false,"template":"","format":"standard","meta":{"footnotes":""},"categories":[197],"tags":[],"translation":{"provider":"WPGlobus","version":"2.12.2","language":"de","enabled_languages":["bs","en","de"],"languages":{"bs":{"title":true,"content":true,"excerpt":false},"en":{"title":true,"content":true,"excerpt":false},"de":{"title":true,"content":true,"excerpt":false}}},"acf":[],"_links":{"self":[{"href":"https:\/\/regeneracija.ba\/de\/wp-json\/wp\/v2\/posts\/2377"}],"collection":[{"href":"https:\/\/regeneracija.ba\/de\/wp-json\/wp\/v2\/posts"}],"about":[{"href":"https:\/\/regeneracija.ba\/de\/wp-json\/wp\/v2\/types\/post"}],"author":[{"embeddable":true,"href":"https:\/\/regeneracija.ba\/de\/wp-json\/wp\/v2\/users\/1"}],"replies":[{"embeddable":true,"href":"https:\/\/regeneracija.ba\/de\/wp-json\/wp\/v2\/comments?post=2377"}],"version-history":[{"count":5,"href":"https:\/\/regeneracija.ba\/de\/wp-json\/wp\/v2\/posts\/2377\/revisions"}],"predecessor-version":[{"id":2875,"href":"https:\/\/regeneracija.ba\/de\/wp-json\/wp\/v2\/posts\/2377\/revisions\/2875"}],"wp:featuredmedia":[{"embeddable":true,"href":"https:\/\/regeneracija.ba\/de\/wp-json\/wp\/v2\/media\/2379"}],"wp:attachment":[{"href":"https:\/\/regeneracija.ba\/de\/wp-json\/wp\/v2\/media?parent=2377"}],"wp:term":[{"taxonomy":"category","embeddable":true,"href":"https:\/\/regeneracija.ba\/de\/wp-json\/wp\/v2\/categories?post=2377"},{"taxonomy":"post_tag","embeddable":true,"href":"https:\/\/regeneracija.ba\/de\/wp-json\/wp\/v2\/tags?post=2377"}],"curies":[{"name":"wp","href":"https:\/\/api.w.org\/{rel}","templated":true}]}}